{"id":1189,"date":"2020-05-22T17:49:43","date_gmt":"2020-05-22T15:49:43","guid":{"rendered":"http:\/\/wunderkinder.de\/?p=1189"},"modified":"2021-06-09T10:21:41","modified_gmt":"2021-06-09T08:21:41","slug":"tour-verlegung-auf-fruehjahr-sommer-2021","status":"publish","type":"post","link":"https:\/\/wunderkinder.de\/?p=1189","title":{"rendered":"TOUR  Verlegung auf Fr\u00fchjahr 2022"},"content":{"rendered":"<p><span style=\"font-size: medium;\"><b>TOUR Verlegung auf Fr\u00fchjahr 2022<\/b><\/span><\/p>\n<p style=\"text-align: left;\"><img loading=\"lazy\" decoding=\"async\" class=\" wp-image-1192 alignleft\" src=\"https:\/\/wunderkinder.de\/wp-content\/uploads\/2020\/05\/virus-200x300.jpg\" alt=\"\" width=\"231\" height=\"347\" srcset=\"https:\/\/wunderkinder.de\/wp-content\/uploads\/2020\/05\/virus-200x300.jpg 200w, https:\/\/wunderkinder.de\/wp-content\/uploads\/2020\/05\/virus.jpg 640w\" sizes=\"auto, (max-width: 231px) 100vw, 231px\" \/>Die urspr\u00fcnglich im Fr\u00fchjahr geplante Tour muss auf Grund der aktuellen Situation erneut verschoben werden. Zum gegenw\u00e4rtigen Zeitpunkt ist nicht absehbar, ob eine Tour ab September \u00fcberhaupt stattfinden kann. Um sowohl den Fans als auch den Beteiligten etwas Planungssicherheit zu verschaffen, wird die gesamte Tournee ins Fr\u00fchjahr 2022 verschoben. Bereits gekaufte Tickets behalten ihre G\u00fcltigkeit.\u00a0 \u00a0 \u00a0 \u00a0 \u00a0 \u00a0 \u00a0 \u00a0 \u00a0 \u00a0 \u00a0 \u00a0 \u00a0 \u00a0 \u00a0 \u00a0 \u00a0 \u00a0 \u00a0 mehr Infos im <strong><a href=\"http:\/\/www.wunderkinder.de\/forum\/viewtopic.php?f=1&amp;t=2418\" target=\"_blank\" rel=\"noopener noreferrer\">FORUM<\/a><\/strong><\/p>\n","protected":false},"excerpt":{"rendered":"<p>TOUR Verlegung auf Fr\u00fchjahr 2022 Die urspr\u00fcnglich im Fr\u00fchjahr geplante Tour muss auf Grund der aktuellen Situation erneut verschoben werden. Zum gegenw\u00e4rtigen Zeitpunkt ist nicht absehbar, ob eine Tour ab September \u00fcberhaupt stattfinden kann. Um sowohl den Fans als auch den Beteiligten etwas Planungssicherheit zu verschaffen, wird die gesamte Tournee ins Fr\u00fchjahr 2022 verschoben. Bereits <a href=\"https:\/\/wunderkinder.de\/?p=1189\" class=\"more-link\">...weiterlesen<span class=\"screen-reader-text\"> \"TOUR  Verlegung auf Fr\u00fchjahr 2022\"<\/span><\/a><\/p>\n","protected":false},"author":4,"featured_media":0,"comment_status":"closed","ping_status":"closed","sticky":false,"template":"","format":"standard","meta":{"footnotes":""},"categories":[2],"tags":[],"class_list":{"0":"post-1189","1":"post","2":"type-post","3":"status-publish","4":"format-standard","6":"category-allgemein","7":"h-entry","8":"hentry","9":"h-as-article"},"_links":{"self":[{"href":"https:\/\/wunderkinder.de\/index.php?rest_route=\/wp\/v2\/posts\/1189","targetHints":{"allow":["GET"]}}],"collection":[{"href":"https:\/\/wunderkinder.de\/index.php?rest_route=\/wp\/v2\/posts"}],"about":[{"href":"https:\/\/wunderkinder.de\/index.php?rest_route=\/wp\/v2\/types\/post"}],"author":[{"embeddable":true,"href":"https:\/\/wunderkinder.de\/index.php?rest_route=\/wp\/v2\/users\/4"}],"replies":[{"embeddable":true,"href":"https:\/\/wunderkinder.de\/index.php?rest_route=%2Fwp%2Fv2%2Fcomments&post=1189"}],"version-history":[{"count":5,"href":"https:\/\/wunderkinder.de\/index.php?rest_route=\/wp\/v2\/posts\/1189\/revisions"}],"predecessor-version":[{"id":1231,"href":"https:\/\/wunderkinder.de\/index.php?rest_route=\/wp\/v2\/posts\/1189\/revisions\/1231"}],"wp:attachment":[{"href":"https:\/\/wunderkinder.de\/index.php?rest_route=%2Fwp%2Fv2%2Fmedia&parent=1189"}],"wp:term":[{"taxonomy":"category","embeddable":true,"href":"https:\/\/wunderkinder.de\/index.php?rest_route=%2Fwp%2Fv2%2Fcategories&post=1189"},{"taxonomy":"post_tag","embeddable":true,"href":"https:\/\/wunderkinder.de\/index.php?rest_route=%2Fwp%2Fv2%2Ftags&post=1189"}],"curies":[{"name":"wp","href":"https:\/\/api.w.org\/{rel}","templated":true}]}}