{"id":12,"date":"2010-12-23T08:45:47","date_gmt":"2010-12-23T08:45:47","guid":{"rendered":"http:\/\/wp.wunderkinder.de\/?p=12"},"modified":"2010-12-23T08:45:47","modified_gmt":"2010-12-23T08:45:47","slug":"alle-jahre-wieder","status":"publish","type":"post","link":"https:\/\/wunderkinder.de\/?p=12","title":{"rendered":"ALLE JAHRE WIEDER"},"content":{"rendered":"<p>Ach ja, seufz...<\/p>\n<p>Ich hatte mich in unserm Forum ja vor Wochen  schon dahingehend ge\u00e4ussert, dass ich die Ungeduld nicht nachvollziehen  konnte, mit der auf die neue Single gewartet wurde. Alle gef\u00fchlten 5  Minuten klagte irgendwer, wann das Ding denn endlich kommt.<\/p>\n<p>Jetzt ist es ja so, dass Singles in der  Vergangenheit \u00fcblicherweise mit gr\u00f6sstem Genuss zerrissen wurden,  gerade in diesem Forum. Warum dann also diese Eile? Die Ungeduldigsten  sind erfahrungsgem\u00e4\u00df hinterher dann immer die, die am monumentalsten  draufhauen. Gibt es also so was wie die Lust am Niedermachen?<!--more--><\/p>\n<p>Klar gibt es die. Kenne ich von mir selbst. Diese Kolumne ist strenggenommen sogar ein Therapieprogramm daf\u00fcr.<\/p>\n<p>Nur haben wir es hier mit einer Besonderheit zu  tun. Die (meisten) Niedermacher st\u00fcrzen sich ja nicht auf irgendwas  ihnen Ungef\u00e4liges, sondern auf einen K\u00fcnstler den sie eigenlich  m\u00f6gen. Oder zumindest mal mochten. Jedenfall kommt nun fl\u00e4chendeckend  das gute alte \"Fr\u00fcher war alles besser\"-Alibi. Und deshalb wird nun aus  allen Rohren geschimpft. Und zwar nicht nur auf das b\u00f6se Produkt,  sondern den K\u00fcnstler und sein ganzes Umfeld gleich mit. Er klingt jetzt  wie Matthias Reim, macht sogar Texte wie Matthias Reim, tritt in  Sendungen auf wo Matthias Reim hingeh\u00f6rt, und wird deshalb sogar wie  Matthias Reim vermarktet. Angeblich. Und strategisch. Alles  generalstabsm\u00e4ssig geplant. Von wem? Das is egal. Management,  Plattenfirma, Heinz selbst, Dieter Bohlen, die Weltverschw\u00f6rung der  Homosexuellen, George W. Bush, und bestimmt auch Matthias Reim.<\/p>\n<p>Nicht zu vegessen auch Reinhard Mey, der alles  viel besser macht weil er n\u00e4mlich ohne Singles mehr Platten verkauft  und sich treu bleibt. So treu, dass er regelm\u00e4ssig auf der Titelseite  der Bl\u00f6dzeitung auftaucht weil er im Porsche \u00fcber Westerland rast, und  Nachbarn als Gartennazis beschimpft.<\/p>\n<p>Wie bei Dinner for One l\u00e4uft jedesmal der  gleiche Film. Freudvolles Zerrupfen der H\u00f6rschnipsel des neuen Albums,  Einpr\u00fcgeln auf die Single, Feststellung dass dieser HRK jetzt noch  tiefer gesunken ist als beim letzten Album (was eigentlich gar nicht  mehr ging, denn wir waren ja schon bei Matthias Reim), und emp\u00f6rtes  Abwenden inklusive zu Hinwendung zu den vielen tollen Leuten, die heute  den HRK viel besser geben.<\/p>\n<p>Es ist schon bl\u00f6d fuer einen K\u00fcnstler, der  eigentlich machen kann was er will, und trotzdem regelm\u00e4ssig was auf  die Fresse bekommt. Da gibt es zum Beispiel diese DVD-Box, die wegen  nicht unerheblicher Verz\u00f6gerungen bei der Fertigstellung von den  meisten schon abgeschrieben war. Jetzt erscheint das Ding endlich in  seiner vollen Pracht, und die \u00fcblichen Verd\u00e4chtigen verlieren kein  Wort mehr dar\u00fcber ausser, dass sie sich an Teilen der Bonus-Sektion  aufh\u00e4ngen, dann aber sofort wieder zur Tagesordnung \u00fcbergehen und am  neuen Album rumm\u00e4keln, dass erst 2 Monate sp\u00e4ter erscheint.<\/p>\n<p>Hallo?<\/p>\n<p>Der Kunze ist wahrscheinlich selber Schuld, weil  seine Produkte so oft im Winter erscheinen, wo alle seine potentiellen  Konsumenten an SAD leiden, und zu keinerlei positiven Gesinnungen f\u00e4hig  sind. Anders ist es nicht zu erkl\u00e4ren, dass die nicht zu ertr\u00e4umende  Gabe von z.B. dieser fantastischen Liveversion von \"Goethes Banjo\" keine  einzige Regung wert ist, w\u00e4hrend man sich in in pseudogeh\u00e4ssigem  Abl\u00e4stern dar\u00fcber begeht, dass die Single es bei WDR4 nicht in die  Hitparade geschafft hat. Eine Hitparade, die man vorher als No GO  eingestuft hatte. Wird sie dann aber vefehlt, ist es auch wieder nicht  recht.<\/p>\n<p>Etwas mehr Traffic im Forum ist ja sch\u00f6n, und  deshalb seien alle Teilnehmern an den Debatten auch herzlich bedankt,  aber dieses Deja Vu, die ganze Nummer vor zwei und vier und sechs Jahren  schon einmal in verbl\u00fcffend \u00e4hnlicher Form gehabt zu haben, tr\u00fcbt  die Freude geringf\u00fcgig. Das w\u00e4re origineller hinzubekommen. Dann  m\u00fcsste man, nachdem das Album dann v\u00f6llig unerwartet doch nicht so  unteirdisch ausf\u00e4llt, auch nicht so weit zur\u00fcckrudern.<\/p>\n<p>Ansonsten sach ich ma Fr\u00f6hliche Feiertage und ein geiles 2011.<\/p>\n<p>Und natuerlich viel Spass dann mit dem Album. Zeitnah wird dann auch der Heinz zu den brennensten Vorw\u00fcrfen zu Wort kommen.<\/p>\n<p>Bis gleich im Forum<\/p>\n<p>Der Franky<\/p>\n","protected":false},"excerpt":{"rendered":"<p>Ach ja, seufz... Ich hatte mich in unserm Forum ja vor Wochen schon dahingehend ge\u00e4ussert, dass ich die Ungeduld nicht nachvollziehen konnte, mit der auf die neue Single gewartet wurde. Alle gef\u00fchlten 5 Minuten klagte irgendwer, wann das Ding denn endlich kommt. Jetzt ist es ja so, dass Singles in der Vergangenheit \u00fcblicherweise mit gr\u00f6sstem <a href=\"https:\/\/wunderkinder.de\/?p=12\" class=\"more-link\">...weiterlesen<span class=\"screen-reader-text\"> \"ALLE JAHRE WIEDER\"<\/span><\/a><\/p>\n","protected":false},"author":3,"featured_media":0,"comment_status":"open","ping_status":"open","sticky":false,"template":"","format":"standard","meta":{"footnotes":""},"categories":[3],"tags":[],"class_list":{"0":"post-12","1":"post","2":"type-post","3":"status-publish","4":"format-standard","6":"category-frankys-spottlight","7":"h-entry","8":"hentry","9":"h-as-article"},"_links":{"self":[{"href":"https:\/\/wunderkinder.de\/index.php?rest_route=\/wp\/v2\/posts\/12","targetHints":{"allow":["GET"]}}],"collection":[{"href":"https:\/\/wunderkinder.de\/index.php?rest_route=\/wp\/v2\/posts"}],"about":[{"href":"https:\/\/wunderkinder.de\/index.php?rest_route=\/wp\/v2\/types\/post"}],"author":[{"embeddable":true,"href":"https:\/\/wunderkinder.de\/index.php?rest_route=\/wp\/v2\/users\/3"}],"replies":[{"embeddable":true,"href":"https:\/\/wunderkinder.de\/index.php?rest_route=%2Fwp%2Fv2%2Fcomments&post=12"}],"version-history":[{"count":0,"href":"https:\/\/wunderkinder.de\/index.php?rest_route=\/wp\/v2\/posts\/12\/revisions"}],"wp:attachment":[{"href":"https:\/\/wunderkinder.de\/index.php?rest_route=%2Fwp%2Fv2%2Fmedia&parent=12"}],"wp:term":[{"taxonomy":"category","embeddable":true,"href":"https:\/\/wunderkinder.de\/index.php?rest_route=%2Fwp%2Fv2%2Fcategories&post=12"},{"taxonomy":"post_tag","embeddable":true,"href":"https:\/\/wunderkinder.de\/index.php?rest_route=%2Fwp%2Fv2%2Ftags&post=12"}],"curies":[{"name":"wp","href":"https:\/\/api.w.org\/{rel}","templated":true}]}}