{"id":1243,"date":"2021-07-02T13:52:04","date_gmt":"2021-07-02T11:52:04","guid":{"rendered":"http:\/\/wunderkinder.de\/?p=1243"},"modified":"2021-07-17T11:03:53","modified_gmt":"2021-07-17T09:03:53","slug":"1243","status":"publish","type":"post","link":"https:\/\/wunderkinder.de\/?p=1243","title":{"rendered":"&#8222;KUNZE \u00fcber KUNZE&#8220; neuer Podcast"},"content":{"rendered":"<div class=\"kvgmc6g5 cxmmr5t8 oygrvhab hcukyx3x c1et5uql ii04i59q\">\n<div dir=\"auto\">Die Feierlichkeiten zum 40j\u00e4hrigen B\u00fchnenjubil\u00e4um gehen weiter <span class=\"pq6dq46d tbxw36s4 knj5qynh kvgmc6g5 ditlmg2l oygrvhab nvdbi5me sf5mxxl7 gl3lb2sf hhz5lgdu\"><img loading=\"lazy\" decoding=\"async\" src=\"https:\/\/static.xx.fbcdn.net\/images\/emoji.php\/v9\/t8c\/1\/16\/1f389.png\" alt=\"\" width=\"16\" height=\"16\" \/><\/span><span class=\"pq6dq46d tbxw36s4 knj5qynh kvgmc6g5 ditlmg2l oygrvhab nvdbi5me sf5mxxl7 gl3lb2sf hhz5lgdu\"><img loading=\"lazy\" decoding=\"async\" src=\"https:\/\/static.xx.fbcdn.net\/images\/emoji.php\/v9\/t8c\/1\/16\/1f389.png\" alt=\"\" width=\"16\" height=\"16\" \/><\/span><img loading=\"lazy\" decoding=\"async\" class=\"alignnone size-medium wp-image-1244\" src=\"https:\/\/wunderkinder.de\/wp-content\/uploads\/2021\/07\/207156011_351721032980339_4844376621379458294_n-300x300.jpg\" alt=\"\" width=\"300\" height=\"300\" srcset=\"https:\/\/wunderkinder.de\/wp-content\/uploads\/2021\/07\/207156011_351721032980339_4844376621379458294_n-300x300.jpg 300w, https:\/\/wunderkinder.de\/wp-content\/uploads\/2021\/07\/207156011_351721032980339_4844376621379458294_n-150x150.jpg 150w, https:\/\/wunderkinder.de\/wp-content\/uploads\/2021\/07\/207156011_351721032980339_4844376621379458294_n-768x768.jpg 768w, https:\/\/wunderkinder.de\/wp-content\/uploads\/2021\/07\/207156011_351721032980339_4844376621379458294_n.jpg 960w\" sizes=\"auto, (max-width: 300px) 100vw, 300px\" \/><\/div>\n<div dir=\"auto\"><span style=\"font-size: 1rem;\"><em><strong>\"KUNZE \u00fcber KUNZE\"<\/strong><\/em> hei\u00dft mein neuer Podcast, in dem ich euch auf eine Reise in die letzten 40 Jahre kunzsche Musikgeschichte mitnehmen m\u00f6chte. Bis zur Ver\u00f6ffentlichung des gro\u00dfen Jubil\u00e4umsalbums spreche ich immer freitags \u00fcber Alben, Tourneen, Singles, B\u00fccher, Texte, Weggef\u00e4hrten und vieles mehr. <\/span><\/div>\n<div dir=\"auto\"><a style=\"font-size: 1rem;\" href=\"http:\/\/www.wunderkinder.de\/forum\/viewtopic.php?f=1&amp;t=2443\" target=\"_blank\" rel=\"noopener\">mehr INFO hier<\/a><\/div>\n<\/div>\n","protected":false},"excerpt":{"rendered":"<p>Die Feierlichkeiten zum 40j\u00e4hrigen B\u00fchnenjubil\u00e4um gehen weiter \"KUNZE \u00fcber KUNZE\" hei\u00dft mein neuer Podcast, in dem ich euch auf eine Reise in die letzten 40 Jahre kunzsche Musikgeschichte mitnehmen m\u00f6chte. Bis zur Ver\u00f6ffentlichung des gro\u00dfen Jubil\u00e4umsalbums spreche ich immer freitags \u00fcber Alben, Tourneen, Singles, B\u00fccher, Texte, Weggef\u00e4hrten und vieles mehr. mehr INFO hier<\/p>\n","protected":false},"author":4,"featured_media":0,"comment_status":"closed","ping_status":"closed","sticky":false,"template":"","format":"standard","meta":{"footnotes":""},"categories":[2],"tags":[],"class_list":{"0":"post-1243","1":"post","2":"type-post","3":"status-publish","4":"format-standard","6":"category-allgemein","7":"h-entry","8":"hentry","9":"h-as-article"},"_links":{"self":[{"href":"https:\/\/wunderkinder.de\/index.php?rest_route=\/wp\/v2\/posts\/1243","targetHints":{"allow":["GET"]}}],"collection":[{"href":"https:\/\/wunderkinder.de\/index.php?rest_route=\/wp\/v2\/posts"}],"about":[{"href":"https:\/\/wunderkinder.de\/index.php?rest_route=\/wp\/v2\/types\/post"}],"author":[{"embeddable":true,"href":"https:\/\/wunderkinder.de\/index.php?rest_route=\/wp\/v2\/users\/4"}],"replies":[{"embeddable":true,"href":"https:\/\/wunderkinder.de\/index.php?rest_route=%2Fwp%2Fv2%2Fcomments&post=1243"}],"version-history":[{"count":4,"href":"https:\/\/wunderkinder.de\/index.php?rest_route=\/wp\/v2\/posts\/1243\/revisions"}],"predecessor-version":[{"id":1253,"href":"https:\/\/wunderkinder.de\/index.php?rest_route=\/wp\/v2\/posts\/1243\/revisions\/1253"}],"wp:attachment":[{"href":"https:\/\/wunderkinder.de\/index.php?rest_route=%2Fwp%2Fv2%2Fmedia&parent=1243"}],"wp:term":[{"taxonomy":"category","embeddable":true,"href":"https:\/\/wunderkinder.de\/index.php?rest_route=%2Fwp%2Fv2%2Fcategories&post=1243"},{"taxonomy":"post_tag","embeddable":true,"href":"https:\/\/wunderkinder.de\/index.php?rest_route=%2Fwp%2Fv2%2Ftags&post=1243"}],"curies":[{"name":"wp","href":"https:\/\/api.w.org\/{rel}","templated":true}]}}