{"id":1462,"date":"2023-05-21T22:43:58","date_gmt":"2023-05-21T20:43:58","guid":{"rendered":"https:\/\/wunderkinder.de\/?p=1462"},"modified":"2023-05-24T17:11:28","modified_gmt":"2023-05-24T15:11:28","slug":"das-lachen-der-tuepfelhyaene","status":"publish","type":"post","link":"https:\/\/wunderkinder.de\/?p=1462","title":{"rendered":"Das Lachen der T\u00fcpfelhy\u00e4ne"},"content":{"rendered":"<p><img loading=\"lazy\" decoding=\"async\" class=\"size-medium wp-image-1464 alignleft\" src=\"https:\/\/wunderkinder.de\/wp-content\/uploads\/2023\/05\/Titel_neu-300x200.jpg\" alt=\"\" width=\"300\" height=\"200\" srcset=\"https:\/\/wunderkinder.de\/wp-content\/uploads\/2023\/05\/Titel_neu-300x200.jpg 300w, https:\/\/wunderkinder.de\/wp-content\/uploads\/2023\/05\/Titel_neu-1024x682.jpg 1024w, https:\/\/wunderkinder.de\/wp-content\/uploads\/2023\/05\/Titel_neu-768x512.jpg 768w, https:\/\/wunderkinder.de\/wp-content\/uploads\/2023\/05\/Titel_neu-960x640.jpg 960w, https:\/\/wunderkinder.de\/wp-content\/uploads\/2023\/05\/Titel_neu.jpg 1280w\" sizes=\"auto, (max-width: 300px) 100vw, 300px\" \/><\/p>\n<p>ein Cover entfaltet offensichtlich erst nach mehrmaligem hinsehen seine, vielleicht sogar unbeabsichtigte Genialit\u00e4t. Das \u201eImage\u201c einer Hy\u00e4ne ist wahrlich nicht das Beste. Aber sp\u00e4testens nach unserem Gespr\u00e4ch mit HEINZ RUDOLF KUNZE \u00fcber sein neues <strong>Album K\u00d6NNEN VOR LACHEN <\/strong>\u00a0(V\u00d6 am 26.05.) finden wir es <strong><em>Sympathisch<\/em><\/strong>, <strong><em>Ehrlich<\/em><\/strong>, <strong><em>Authentisch<\/em><\/strong> ja sogar <strong><em>Liebenswert<\/em><\/strong>.<\/p>\n<p>Warum - das lest ihr nachfolgend im\u2026 <strong><a href=\"https:\/\/www.wunderkinder.de\/forum\/viewtopic.php?t=2482\" target=\"_blank\" rel=\"noopener\">INTERVIEW<\/a><\/strong><\/p>\n","protected":false},"excerpt":{"rendered":"<p>ein Cover entfaltet offensichtlich erst nach mehrmaligem hinsehen seine, vielleicht sogar unbeabsichtigte Genialit\u00e4t. Das \u201eImage\u201c einer Hy\u00e4ne ist wahrlich nicht das Beste. Aber sp\u00e4testens nach unserem Gespr\u00e4ch mit HEINZ RUDOLF KUNZE \u00fcber sein neues Album K\u00d6NNEN VOR LACHEN \u00a0(V\u00d6 am 26.05.) finden wir es Sympathisch, Ehrlich, Authentisch ja sogar Liebenswert. Warum - das lest ihr <a href=\"https:\/\/wunderkinder.de\/?p=1462\" class=\"more-link\">...weiterlesen<span class=\"screen-reader-text\"> \"Das Lachen der T\u00fcpfelhy\u00e4ne\"<\/span><\/a><\/p>\n","protected":false},"author":4,"featured_media":0,"comment_status":"closed","ping_status":"closed","sticky":false,"template":"","format":"standard","meta":{"footnotes":""},"categories":[2],"tags":[],"class_list":{"0":"post-1462","1":"post","2":"type-post","3":"status-publish","4":"format-standard","6":"category-allgemein","7":"h-entry","8":"hentry","9":"h-as-article"},"_links":{"self":[{"href":"https:\/\/wunderkinder.de\/index.php?rest_route=\/wp\/v2\/posts\/1462","targetHints":{"allow":["GET"]}}],"collection":[{"href":"https:\/\/wunderkinder.de\/index.php?rest_route=\/wp\/v2\/posts"}],"about":[{"href":"https:\/\/wunderkinder.de\/index.php?rest_route=\/wp\/v2\/types\/post"}],"author":[{"embeddable":true,"href":"https:\/\/wunderkinder.de\/index.php?rest_route=\/wp\/v2\/users\/4"}],"replies":[{"embeddable":true,"href":"https:\/\/wunderkinder.de\/index.php?rest_route=%2Fwp%2Fv2%2Fcomments&post=1462"}],"version-history":[{"count":2,"href":"https:\/\/wunderkinder.de\/index.php?rest_route=\/wp\/v2\/posts\/1462\/revisions"}],"predecessor-version":[{"id":1468,"href":"https:\/\/wunderkinder.de\/index.php?rest_route=\/wp\/v2\/posts\/1462\/revisions\/1468"}],"wp:attachment":[{"href":"https:\/\/wunderkinder.de\/index.php?rest_route=%2Fwp%2Fv2%2Fmedia&parent=1462"}],"wp:term":[{"taxonomy":"category","embeddable":true,"href":"https:\/\/wunderkinder.de\/index.php?rest_route=%2Fwp%2Fv2%2Fcategories&post=1462"},{"taxonomy":"post_tag","embeddable":true,"href":"https:\/\/wunderkinder.de\/index.php?rest_route=%2Fwp%2Fv2%2Ftags&post=1462"}],"curies":[{"name":"wp","href":"https:\/\/api.w.org\/{rel}","templated":true}]}}