{"id":1469,"date":"2023-05-24T17:07:52","date_gmt":"2023-05-24T15:07:52","guid":{"rendered":"https:\/\/wunderkinder.de\/?p=1469"},"modified":"2023-05-24T17:12:28","modified_gmt":"2023-05-24T15:12:28","slug":"habt-ihr-es-auch-schon-gesehen","status":"publish","type":"post","link":"https:\/\/wunderkinder.de\/?p=1469","title":{"rendered":"Habt ihr es auch schon gesehen?"},"content":{"rendered":"<h2><em><strong>LASS UNS TUN WAS GEHT <img loading=\"lazy\" decoding=\"async\" class=\" wp-image-1471 alignleft\" src=\"https:\/\/wunderkinder.de\/wp-content\/uploads\/2023\/05\/werbeplakat-HH-139x300.jpg\" alt=\"\" width=\"166\" height=\"358\" srcset=\"https:\/\/wunderkinder.de\/wp-content\/uploads\/2023\/05\/werbeplakat-HH-139x300.jpg 139w, https:\/\/wunderkinder.de\/wp-content\/uploads\/2023\/05\/werbeplakat-HH-473x1024.jpg 473w, https:\/\/wunderkinder.de\/wp-content\/uploads\/2023\/05\/werbeplakat-HH.jpg 526w\" sizes=\"auto, (max-width: 166px) 100vw, 166px\" \/><\/strong><\/em><\/h2>\n<p><span style=\"color: #ff0000;\"><strong>HEINZ RUDOLF KUNZE<\/strong><\/span> <strong>versch\u00f6nert<\/strong> ab Freitag 26. Mai mit seinem neuen Album\u00a0 <strong><span style=\"color: #ff0000;\">K\u00d6NNEN VOR LACHEN<\/span>\u00a0 \u00a0 \u00a0 \u00a0 \u00a0 \u00a0 \u00a0 - <\/strong>ganz <strong>Deutschland<\/strong>. Zu den Versch\u00f6nerungsma\u00dfnahmen z\u00e4hlen wir auch die tollen <strong>TOURPLAKATE <\/strong>und wollten Euch herzlich bitten, falls ihr eines davon seht ein Foto zu machen und es Online zu stellen. <strong><a href=\"https:\/\/www.wunderkinder.de\/forum\/viewtopic.php?t=2481\" target=\"_blank\" rel=\"noopener\">PLAKATE in...<\/a><\/strong><\/p>\n<p>Bestimmt haben wir f\u00fcr Eure Aufmerksamkeit eine kleine \u00dcberraschung w\u00e4hrend der <em><strong>Tour Januar\/Februar 2024\u00a0 \u00a0 <\/strong><\/em>So wird auch die letzte\u00a0 <strong>TROSTLOSIGKEITSALLEE<\/strong> zu einem wundervollen Ort.<strong>\u00a0<\/strong><\/p>\n<p>&nbsp;<\/p>\n","protected":false},"excerpt":{"rendered":"<p>LASS UNS TUN WAS GEHT HEINZ RUDOLF KUNZE versch\u00f6nert ab Freitag 26. Mai mit seinem neuen Album\u00a0 K\u00d6NNEN VOR LACHEN\u00a0 \u00a0 \u00a0 \u00a0 \u00a0 \u00a0 \u00a0 - ganz Deutschland. Zu den Versch\u00f6nerungsma\u00dfnahmen z\u00e4hlen wir auch die tollen TOURPLAKATE und wollten Euch herzlich bitten, falls ihr eines davon seht ein Foto zu machen und es Online <a href=\"https:\/\/wunderkinder.de\/?p=1469\" class=\"more-link\">...weiterlesen<span class=\"screen-reader-text\"> \"Habt ihr es auch schon gesehen?\"<\/span><\/a><\/p>\n","protected":false},"author":4,"featured_media":0,"comment_status":"closed","ping_status":"closed","sticky":false,"template":"","format":"standard","meta":{"footnotes":""},"categories":[2],"tags":[],"class_list":{"0":"post-1469","1":"post","2":"type-post","3":"status-publish","4":"format-standard","6":"category-allgemein","7":"h-entry","8":"hentry","9":"h-as-article"},"_links":{"self":[{"href":"https:\/\/wunderkinder.de\/index.php?rest_route=\/wp\/v2\/posts\/1469","targetHints":{"allow":["GET"]}}],"collection":[{"href":"https:\/\/wunderkinder.de\/index.php?rest_route=\/wp\/v2\/posts"}],"about":[{"href":"https:\/\/wunderkinder.de\/index.php?rest_route=\/wp\/v2\/types\/post"}],"author":[{"embeddable":true,"href":"https:\/\/wunderkinder.de\/index.php?rest_route=\/wp\/v2\/users\/4"}],"replies":[{"embeddable":true,"href":"https:\/\/wunderkinder.de\/index.php?rest_route=%2Fwp%2Fv2%2Fcomments&post=1469"}],"version-history":[{"count":4,"href":"https:\/\/wunderkinder.de\/index.php?rest_route=\/wp\/v2\/posts\/1469\/revisions"}],"predecessor-version":[{"id":1475,"href":"https:\/\/wunderkinder.de\/index.php?rest_route=\/wp\/v2\/posts\/1469\/revisions\/1475"}],"wp:attachment":[{"href":"https:\/\/wunderkinder.de\/index.php?rest_route=%2Fwp%2Fv2%2Fmedia&parent=1469"}],"wp:term":[{"taxonomy":"category","embeddable":true,"href":"https:\/\/wunderkinder.de\/index.php?rest_route=%2Fwp%2Fv2%2Fcategories&post=1469"},{"taxonomy":"post_tag","embeddable":true,"href":"https:\/\/wunderkinder.de\/index.php?rest_route=%2Fwp%2Fv2%2Ftags&post=1469"}],"curies":[{"name":"wp","href":"https:\/\/api.w.org\/{rel}","templated":true}]}}