{"id":1484,"date":"2023-06-29T11:49:38","date_gmt":"2023-06-29T09:49:38","guid":{"rendered":"https:\/\/wunderkinder.de\/?p=1484"},"modified":"2023-06-29T11:50:34","modified_gmt":"2023-06-29T09:50:34","slug":"blu-ray-disc-werdegang-40-jahre-heinz-rudolf-kunze","status":"publish","type":"post","link":"https:\/\/wunderkinder.de\/?p=1484","title":{"rendered":"Blu-Ray Disc &#8211; Werdegang: 40 Jahre Heinz Rudolf Kunze"},"content":{"rendered":"<p><img loading=\"lazy\" decoding=\"async\" class=\" wp-image-1485 alignright\" src=\"https:\/\/wunderkinder.de\/wp-content\/uploads\/2023\/06\/blueray-249x300.jpg\" alt=\"\" width=\"378\" height=\"456\" srcset=\"https:\/\/wunderkinder.de\/wp-content\/uploads\/2023\/06\/blueray-249x300.jpg 249w, https:\/\/wunderkinder.de\/wp-content\/uploads\/2023\/06\/blueray-849x1024.jpg 849w, https:\/\/wunderkinder.de\/wp-content\/uploads\/2023\/06\/blueray-768x926.jpg 768w, https:\/\/wunderkinder.de\/wp-content\/uploads\/2023\/06\/blueray-1274x1536.jpg 1274w, https:\/\/wunderkinder.de\/wp-content\/uploads\/2023\/06\/blueray-960x1158.jpg 960w, https:\/\/wunderkinder.de\/wp-content\/uploads\/2023\/06\/blueray.jpg 1672w\" sizes=\"auto, (max-width: 378px) 100vw, 378px\" \/><\/p>\n<p>Da ist sie jetzt also endlich, die <strong>HRK-Doku \"Werdegang\"<\/strong>. 20 Monate nach der gleichnamigen Autobiographie kommt sie ein bisschen sp\u00e4t, aber das 40-j\u00e4hrige K\u00fcnstlerjubil\u00e4um musste ja aus bekannten Gr\u00fcnden auch etwas verschoben werden.\u00a0<strong>Die 83-min\u00fctige Blu-ray<\/strong> stellt nun aber eine sch\u00f6ne Erg\u00e4nzung zur Autobio dar, wobei hier die Proportionen anders gesetzt sind. W\u00e4hrend dem Buch die Seiten davonlaufen, w\u00e4hrend\u00a0HEINZ noch das Ende der 90er beschreibt, und die zweite H\u00e4lfte der Karriere etwas zu kurz\u00a0kommt, geht diese Doku wesentlich ausgewogener vor.\u00a0 \u00a0 Hier <a href=\"https:\/\/www.wunderkinder.de\/forum\/viewtopic.php?p=20722#p20722\" target=\"_blank\" rel=\"noopener\">weiterlesen<\/a><\/p>\n","protected":false},"excerpt":{"rendered":"<p>Da ist sie jetzt also endlich, die HRK-Doku \"Werdegang\". 20 Monate nach der gleichnamigen Autobiographie kommt sie ein bisschen sp\u00e4t, aber das 40-j\u00e4hrige K\u00fcnstlerjubil\u00e4um musste ja aus bekannten Gr\u00fcnden auch etwas verschoben werden.\u00a0Die 83-min\u00fctige Blu-ray stellt nun aber eine sch\u00f6ne Erg\u00e4nzung zur Autobio dar, wobei hier die Proportionen anders gesetzt sind. W\u00e4hrend dem Buch die <a href=\"https:\/\/wunderkinder.de\/?p=1484\" class=\"more-link\">...weiterlesen<span class=\"screen-reader-text\"> \"Blu-Ray Disc &#8211; Werdegang: 40 Jahre Heinz Rudolf Kunze\"<\/span><\/a><\/p>\n","protected":false},"author":4,"featured_media":0,"comment_status":"closed","ping_status":"closed","sticky":false,"template":"","format":"standard","meta":{"footnotes":""},"categories":[2],"tags":[],"class_list":{"0":"post-1484","1":"post","2":"type-post","3":"status-publish","4":"format-standard","6":"category-allgemein","7":"h-entry","8":"hentry","9":"h-as-article"},"_links":{"self":[{"href":"https:\/\/wunderkinder.de\/index.php?rest_route=\/wp\/v2\/posts\/1484","targetHints":{"allow":["GET"]}}],"collection":[{"href":"https:\/\/wunderkinder.de\/index.php?rest_route=\/wp\/v2\/posts"}],"about":[{"href":"https:\/\/wunderkinder.de\/index.php?rest_route=\/wp\/v2\/types\/post"}],"author":[{"embeddable":true,"href":"https:\/\/wunderkinder.de\/index.php?rest_route=\/wp\/v2\/users\/4"}],"replies":[{"embeddable":true,"href":"https:\/\/wunderkinder.de\/index.php?rest_route=%2Fwp%2Fv2%2Fcomments&post=1484"}],"version-history":[{"count":2,"href":"https:\/\/wunderkinder.de\/index.php?rest_route=\/wp\/v2\/posts\/1484\/revisions"}],"predecessor-version":[{"id":1487,"href":"https:\/\/wunderkinder.de\/index.php?rest_route=\/wp\/v2\/posts\/1484\/revisions\/1487"}],"wp:attachment":[{"href":"https:\/\/wunderkinder.de\/index.php?rest_route=%2Fwp%2Fv2%2Fmedia&parent=1484"}],"wp:term":[{"taxonomy":"category","embeddable":true,"href":"https:\/\/wunderkinder.de\/index.php?rest_route=%2Fwp%2Fv2%2Fcategories&post=1484"},{"taxonomy":"post_tag","embeddable":true,"href":"https:\/\/wunderkinder.de\/index.php?rest_route=%2Fwp%2Fv2%2Ftags&post=1484"}],"curies":[{"name":"wp","href":"https:\/\/api.w.org\/{rel}","templated":true}]}}