{"id":1572,"date":"2025-06-09T18:07:32","date_gmt":"2025-06-09T16:07:32","guid":{"rendered":"https:\/\/wunderkinder.de\/?p=1572"},"modified":"2025-06-09T18:08:14","modified_gmt":"2025-06-09T16:08:14","slug":"angebot-und-nachfrage","status":"publish","type":"post","link":"https:\/\/wunderkinder.de\/?p=1572","title":{"rendered":"Angebot und Nachfrage"},"content":{"rendered":"<p><strong>neues Album ab 12. September...<\/strong> <img loading=\"lazy\" decoding=\"async\" class=\"size-medium wp-image-1573 alignleft\" src=\"https:\/\/wunderkinder.de\/wp-content\/uploads\/2025\/06\/angebot-nachfrage-300x214.jpg\" alt=\"\" width=\"300\" height=\"214\" srcset=\"https:\/\/wunderkinder.de\/wp-content\/uploads\/2025\/06\/angebot-nachfrage-300x214.jpg 300w, https:\/\/wunderkinder.de\/wp-content\/uploads\/2025\/06\/angebot-nachfrage-1024x731.jpg 1024w, https:\/\/wunderkinder.de\/wp-content\/uploads\/2025\/06\/angebot-nachfrage-768x548.jpg 768w, https:\/\/wunderkinder.de\/wp-content\/uploads\/2025\/06\/angebot-nachfrage-1536x1097.jpg 1536w, https:\/\/wunderkinder.de\/wp-content\/uploads\/2025\/06\/angebot-nachfrage-2048x1463.jpg 2048w, https:\/\/wunderkinder.de\/wp-content\/uploads\/2025\/06\/angebot-nachfrage-960x686.jpg 960w\" sizes=\"auto, (max-width: 300px) 100vw, 300px\" \/><\/p>\n<p>Wortgewaltig, rockig, w\u00fctend, melancholisch. Eigentlich, wie man ihn kennt \u2013 und doch ist einiges anders. Oder besser: direkter.<br \/>\nHeinz Rudolf Kunzes 47. Album ist ein gereiftes, meisterliches Sp\u00e4twerk \u00fcber die gro\u00dfen Themen des Lebens: Liebe, Alter, Herkunft, Verg\u00e4nglichkeit, Krieg, Identit\u00e4t. Aber auch der Zustand unserer Gesellschaft, der politische Diskurs, das Auseinanderdriften \u2013 Kunze bleibt nicht an der Oberfl\u00e4che, sondern taucht tief. Dabei gelingt ihm der seltene Spagat: Nachdenklichkeit ohne Pathos, Kritik ohne Bitterkeit, Emotionalit\u00e4t ohne Kitsch.<\/p>\n<p>Musikalisch tr\u00e4gt ihn ein homogener, gewachsener Bandsound \u2013 mal kraftvoll, mal filigran, stets songdienlich. Produziert wurde das Album erneut von Udo Rinklin, mit dem Kunze in den letzten Jahren eine kreative Hochphase erreicht hat.<\/p>\n<p>\u00bbAngebot und Nachfrage\u00ab ist Reise, R\u00fcckschau, Kommentar und ein mutiges Bekenntnis zu Sprache, Haltung und Musik. Ein Werk mit Pers\u00f6nlichkeit und Relevanz \u2013 nicht nur f\u00fcr Fans, sondern f\u00fcr alle, die in Musik mehr suchen als nur Unterhaltung. Wie bei uns Fans \u00fcblich wird <a href=\"https:\/\/www.wunderkinder.de\/forum\/viewtopic.php?t=2510\">im FORUM<\/a> schon vieles \u00fcber ANGEBOT &amp; NACHFRAGE geschrieben.<\/p>\n","protected":false},"excerpt":{"rendered":"<p>neues Album ab 12. September... Wortgewaltig, rockig, w\u00fctend, melancholisch. Eigentlich, wie man ihn kennt \u2013 und doch ist einiges anders. Oder besser: direkter. Heinz Rudolf Kunzes 47. Album ist ein gereiftes, meisterliches Sp\u00e4twerk \u00fcber die gro\u00dfen Themen des Lebens: Liebe, Alter, Herkunft, Verg\u00e4nglichkeit, Krieg, Identit\u00e4t. Aber auch der Zustand unserer Gesellschaft, der politische Diskurs, das <a href=\"https:\/\/wunderkinder.de\/?p=1572\" class=\"more-link\">...weiterlesen<span class=\"screen-reader-text\"> \"Angebot und Nachfrage\"<\/span><\/a><\/p>\n","protected":false},"author":4,"featured_media":0,"comment_status":"closed","ping_status":"closed","sticky":false,"template":"","format":"standard","meta":{"footnotes":""},"categories":[2],"tags":[],"class_list":{"0":"post-1572","1":"post","2":"type-post","3":"status-publish","4":"format-standard","6":"category-allgemein","7":"h-entry","8":"hentry","9":"h-as-article"},"_links":{"self":[{"href":"https:\/\/wunderkinder.de\/index.php?rest_route=\/wp\/v2\/posts\/1572","targetHints":{"allow":["GET"]}}],"collection":[{"href":"https:\/\/wunderkinder.de\/index.php?rest_route=\/wp\/v2\/posts"}],"about":[{"href":"https:\/\/wunderkinder.de\/index.php?rest_route=\/wp\/v2\/types\/post"}],"author":[{"embeddable":true,"href":"https:\/\/wunderkinder.de\/index.php?rest_route=\/wp\/v2\/users\/4"}],"replies":[{"embeddable":true,"href":"https:\/\/wunderkinder.de\/index.php?rest_route=%2Fwp%2Fv2%2Fcomments&post=1572"}],"version-history":[{"count":1,"href":"https:\/\/wunderkinder.de\/index.php?rest_route=\/wp\/v2\/posts\/1572\/revisions"}],"predecessor-version":[{"id":1574,"href":"https:\/\/wunderkinder.de\/index.php?rest_route=\/wp\/v2\/posts\/1572\/revisions\/1574"}],"wp:attachment":[{"href":"https:\/\/wunderkinder.de\/index.php?rest_route=%2Fwp%2Fv2%2Fmedia&parent=1572"}],"wp:term":[{"taxonomy":"category","embeddable":true,"href":"https:\/\/wunderkinder.de\/index.php?rest_route=%2Fwp%2Fv2%2Fcategories&post=1572"},{"taxonomy":"post_tag","embeddable":true,"href":"https:\/\/wunderkinder.de\/index.php?rest_route=%2Fwp%2Fv2%2Ftags&post=1572"}],"curies":[{"name":"wp","href":"https:\/\/api.w.org\/{rel}","templated":true}]}}