{"id":261,"date":"2013-06-15T10:20:27","date_gmt":"2013-06-15T10:20:27","guid":{"rendered":"http:\/\/wunderkinder.de\/?p=261"},"modified":"2013-06-15T10:20:27","modified_gmt":"2013-06-15T10:20:27","slug":"trennung","status":"publish","type":"post","link":"https:\/\/wunderkinder.de\/?p=261","title":{"rendered":"Trennung"},"content":{"rendered":"<p>aktuelle Mitteilung aus Hannover:<\/p>\n<p><strong>HEINZ RUDOLF KUNZE<\/strong> hat sich mit sofortiger Wirkung von dem,<\/p>\n<p>seit April 2008 f\u00fcr ihn t\u00e4tigen Manager <strong>Bernd H\u00f6lke<\/strong> <img decoding=\"async\" src=\"http:\/\/werkzeug.heinzrudolfkunze.de\/bilder\/kontakt\/CundE.gif\" alt=\"Bild\" \/> und seinem Team<\/p>\n<p>in beiderseitigem Einvernehmen getrennt. <a href=\"http:\/\/www.wunderkinder.de\/forum\/viewtopic.php?f=1&amp;t=2037\">Thema<\/a><\/p>\n","protected":false},"excerpt":{"rendered":"<p>aktuelle Mitteilung aus Hannover: HEINZ RUDOLF KUNZE hat sich mit sofortiger Wirkung von dem, seit April 2008 f\u00fcr ihn t\u00e4tigen Manager Bernd H\u00f6lke und seinem Team in beiderseitigem Einvernehmen getrennt. Thema<\/p>\n","protected":false},"author":4,"featured_media":0,"comment_status":"closed","ping_status":"closed","sticky":false,"template":"","format":"standard","meta":{"footnotes":""},"categories":[2],"tags":[],"class_list":{"0":"post-261","1":"post","2":"type-post","3":"status-publish","4":"format-standard","6":"category-allgemein","7":"h-entry","8":"hentry","9":"h-as-article"},"_links":{"self":[{"href":"https:\/\/wunderkinder.de\/index.php?rest_route=\/wp\/v2\/posts\/261","targetHints":{"allow":["GET"]}}],"collection":[{"href":"https:\/\/wunderkinder.de\/index.php?rest_route=\/wp\/v2\/posts"}],"about":[{"href":"https:\/\/wunderkinder.de\/index.php?rest_route=\/wp\/v2\/types\/post"}],"author":[{"embeddable":true,"href":"https:\/\/wunderkinder.de\/index.php?rest_route=\/wp\/v2\/users\/4"}],"replies":[{"embeddable":true,"href":"https:\/\/wunderkinder.de\/index.php?rest_route=%2Fwp%2Fv2%2Fcomments&post=261"}],"version-history":[{"count":0,"href":"https:\/\/wunderkinder.de\/index.php?rest_route=\/wp\/v2\/posts\/261\/revisions"}],"wp:attachment":[{"href":"https:\/\/wunderkinder.de\/index.php?rest_route=%2Fwp%2Fv2%2Fmedia&parent=261"}],"wp:term":[{"taxonomy":"category","embeddable":true,"href":"https:\/\/wunderkinder.de\/index.php?rest_route=%2Fwp%2Fv2%2Fcategories&post=261"},{"taxonomy":"post_tag","embeddable":true,"href":"https:\/\/wunderkinder.de\/index.php?rest_route=%2Fwp%2Fv2%2Ftags&post=261"}],"curies":[{"name":"wp","href":"https:\/\/api.w.org\/{rel}","templated":true}]}}