{"id":861,"date":"2018-06-29T23:28:01","date_gmt":"2018-06-29T21:28:01","guid":{"rendered":"http:\/\/wunderkinder.de\/?p=861"},"modified":"2018-07-02T07:01:59","modified_gmt":"2018-07-02T05:01:59","slug":"wacken-calling","status":"publish","type":"post","link":"https:\/\/wunderkinder.de\/?p=861","title":{"rendered":"WACKEN calling"},"content":{"rendered":"<figure id=\"attachment_865\" aria-describedby=\"caption-attachment-865\" style=\"width: 211px\" class=\"wp-caption alignleft\"><img loading=\"lazy\" decoding=\"async\" class=\"wp-image-865\" src=\"https:\/\/wunderkinder.de\/wp-content\/uploads\/2018\/06\/kunze-lederjacke.jpg\" alt=\"\" width=\"211\" height=\"304\" \/><figcaption id=\"caption-attachment-865\" class=\"wp-caption-text\">HEINZ auf der Suche nach dem passenden W:O:A B\u00fchnenoutfit<\/figcaption><\/figure>\n<p><strong><span style=\"color: #800080;\">W:O:A<\/span><\/strong>\u00a0 Es begann vor ein paar Jahren mit einem Auftritt von Santiano. Zwar auf einer Nebenb\u00fchne, aber Metal-Fans sind konservativ, deshalb sind Tabubr\u00fcche riskant.\u00a0Und Wacken ist das Mekka der Bewegung.<\/p>\n<p>Es kam aber keine nennenswerte Kritik daran, dass man einen Act bucht, der auch schon bei Carmen Nebel dabei war. Die zogen ihr Ding dann auch durch und die Besucher fanden es prima.<\/p>\n<p>Jetzt muss man auch\u00a0die Historie bewerten. Wacken hat sich vom kleinen Hardrock-Event f\u00fcr Outlaws recht organisch in 20 Jahren zum kommerziellsten und angesagtesten Metal-Festival weltweit entwickelt. Irgendwann um 2010 waren die an einen Punkt gelangt, ab dem man nicht weiter wachsen konnte. 70.000 Tickets war nicht mehr steigerbar, die gr\u00f6\u00dften Bands fra\u00dfen dem Veranstalter aus der Hand, der Vorverkauf s\u00e4mtlicher Tickets f\u00fcrs n\u00e4chste Jahr ist in 3 Stunden erledigt. Die Bewegung war oben angekommen, h\u00f6her ging nicht.<\/p>\n<p>Wacken ist kult, aber der Kult stagniert inzwischen. Deshalb die Idee, wenigstens k\u00fcnstlerisch vorsichtig ein wenig Ausbruch aus der heiligen Messe zu wagen. Ein bisschen Entwicklung, ein wenig Farbtupfer in die so ernste Metal-Welt.<\/p>\n<p>Santiano war dabei gar nicht mal der geplante Einstieg, auf die war man just for Fun gekommen, wegen der regionalen N\u00e4he, weil die eben auch mal mit Distrtion spielen, die Refrains nicht immer mit sauber getroffenen T\u00f6nen treffen. Und weil sie eine erprobte Live-Truppe sind, mit Musikern die vor Santiano auch schon alles durch hatten.<\/p>\n<p>Nun, das Ding kam an, und die Idee entstand, zwischen all den Metal-Helden, die schon so oft hier waren, plazieren wir doch mal Genre-ferneres, was aber das Zeug zur Wacken-Tauglichkeit haben m\u00fcsste. Deutschsprachige Mittelalter-Rock-Acts wie In Extremo oder Subway To Sally hatte man ja vor Jahren auch schon erfolgreich integriert. Und dann war es Joachim Witt, der in seiner Gothik-Phase in Wacken spielte, und beim Bier mit dem Veranstalter auf HRK-verwies, als die Rede auf Deutschrock-Bands mit breitem Spektrum und au\u00dfergew\u00f6hnlichen Lyrics kam.<\/p>\n<figure id=\"attachment_866\" aria-describedby=\"caption-attachment-866\" style=\"width: 218px\" class=\"wp-caption alignleft\"><img loading=\"lazy\" decoding=\"async\" class=\"wp-image-866\" src=\"https:\/\/wunderkinder.de\/wp-content\/uploads\/2018\/06\/kunze-lederjacke-2-199x300.jpg\" alt=\"\" width=\"218\" height=\"329\" \/><figcaption id=\"caption-attachment-866\" class=\"wp-caption-text\">Drei\u00dfigtausend Fu\u00df, noch ein letzter Gru\u00df \u2013 dann zieh'n die Wolken Lederjacken an, mit Sternen drauf.<\/figcaption><\/figure>\n<p>In Leipzig glaubte Matthias Winkler zun\u00e4chst an zu viel Alkohol, als er die Anfrage aus dem hohen Norden bekam, ob der Heinz sich so einen Auftritt vorstellen k\u00f6nnte. Als der Wacken-Booking-Chef konkretisierte, Voraussetzung w\u00e4re aber ein heftiges Set, und der Selig-Bassist (Schnitthals, oder wie der hei\u00dft...) w\u00e4re doch da auch im Boot?, wurde Heinz die Idee vorgetragen. Der dachte auch zuerst, er w\u00fcrde von \"Verstehen sie Spa\u00df\" heimgesucht, lie\u00df sich dann aber den Vertrag mit den Bedingungen faxen.<\/p>\n<p>Keine Frage, die Idee ist spannend. Und mit schr\u00e4gen Ideen kann man Heinz immer locken, zumal er ja auch darin erprobt ist, mal auf die Nase zu fallen.,,<\/p>\n<p>Heinz stellte Songs zusammen, die ein 70-min\u00fctiges Set ausf\u00fcllen k\u00f6nnten. \"M\u00f6chtegernopfer\" fiel ihm sofort ein, \"Menschenfleisch\" geht auch als Metal durch. \"Himmelfahrtskommando\" w\u00e4re ein sch\u00f6ner \"Opener\", \"Draufg\u00e4nger k\u00f6nnte die Zugabe sein. O.K., wir probieren das. Mit SMS und Mail-Verkehr wurden Ideen zusammengetragen bis schlie\u00dflich alle, abgesehen von Matthias Ulmer, Feuer und Flamme waren, dieses Set wirklich zu spielen. Ulmer ahnte, dass er hier nicht die gewohnte Pr\u00e4senz haben w\u00fcrde. HEINZ durchsuchte zwischenzeitlich seinen Fundus auf ein brauchbares Outfit \"Drei\u00dfigtausend Fu\u00df, noch ein letzter Gru\u00df \u2013 dann zieh'n die Wolken Lederjacken an, mit Sternen drauf. Auch wird ein neuer K\u00fcnstlername kreiert, als HEINZ Ozzy Kunz(e)thammer findet die R\u00fcckbesinnung auf die wahre Leidenschaft auch auf den Plakaten statt.<\/p>\n<p>In Wacken pr\u00fcfte man gewissenhaft und gab dann gr\u00fcnes Licht. Halbherzig kann man das nicht machen, der Metal-Fan will schon ernstgenommen werden, sonst ist er beleidigt. Der Auftritt wurde f\u00fcr den letzten Tag, den 4. August um 15.20 h gesetzt, zwischen Schandmaul und Dimmu Borgir auf der Hauptb\u00fchne 2. Und auch wenn es offiziell noch secret ist, wir haben das Set schon. Jedenfalls unter Vorbehalt, denn geprobt wird erst in der Woche vorher.<\/p>\n<p><strong>Himmelfahrtskommando - <\/strong><strong>Schie\u00df - <\/strong><strong>Menschenfleisch - <\/strong><\/p>\n<p><strong>Die kommen immer wieder - <\/strong><strong>M\u00f6chtegernopfer - <\/strong><strong>Die Sprache die sie verstehn<br \/>\n<\/strong><\/p>\n<p><strong>Wozu Feinde - <\/strong><strong>Das perfekte Verbrechen - <\/strong><strong>Jesus Tomahawk - <\/strong><strong>Jetzt erst recht -<br \/>\n<\/strong><\/p>\n<p><strong>Dagegen - <\/strong><\/p>\n<p>______________<\/p>\n<p><strong>Nachts um halb Drei - <\/strong><strong>Draufg\u00e4nger\u00a0 -<\/strong><\/p>\n<h4><strong>Die Setlist im Detail: \u00a0 <a href=\"http:\/\/www.wunderkinder.de\/forum\/viewtopic.php?f=1&amp;t=2347\">W:O:A-Set<\/a><\/strong><\/h4>\n<h4>Einige Songs sind ja schon Hardrock, andere muss man etwas anschleifen, die Struktur eignet sich aber prima daf\u00fcr. Herausfordernd werden vor allem \"Die Sprache\" und \"JT\" sein, weil sie komplexer gebaut, und langsamer veranlagt sind. Anspruchsvoll wird es auch f\u00fcr Heinz, der oft an die Rythmusgitarre muss, und ein bisschen die Attit\u00fcde des verruchten Metal-Shouters geben soll. Hier geht Volumen in der Regel \u00fcber Ausdruck und Wohlklang. Ulmer wird mehr auf Fl\u00e4chenabdeckung denn auf Virtuosit\u00e4t bedacht sein. Die Anderen werden sich problemlos umstellen. Metal z\u00e4hlt aus k\u00fcnstlerischer Sicht nicht zu den unerreichbarsten Genres.<\/h4>\n<p>Bewegte Bilder werden wir wohl nicht bekommen, 3Sat \u00fcbertr\u00e4gt Abends, plant Aufzeichnungen von Samael und Dirkschneider und zeigt Headliner Judas Priest dann live. Das eine oder andere Handy-Video sollte aber bei youtube auftauchen.<\/p>\n<p>Zugegeben, f\u00fcr den HRK-Fan eine seltsame Buchung. Wahrscheinlich auch nicht gerade die Chance, neue Fans einzusammeln. Aber wenn alles gut geht, wird es mehr Spa\u00df bringen als \"Zu Gast bei Carmen Nebel\" zu sein. Und wir werden sehen, dass wir eine m\u00f6glichst breite Berichterstattung hinbekommen. Und wer es erleben will, es gibt noch Restbest\u00e4nde an All-In-Tickets f\u00fcr 221 Euro.<\/p>\n","protected":false},"excerpt":{"rendered":"<p>W:O:A\u00a0 Es begann vor ein paar Jahren mit einem Auftritt von Santiano. Zwar auf einer Nebenb\u00fchne, aber Metal-Fans sind konservativ, deshalb sind Tabubr\u00fcche riskant.\u00a0Und Wacken ist das Mekka der Bewegung. Es kam aber keine nennenswerte Kritik daran, dass man einen Act bucht, der auch schon bei Carmen Nebel dabei war. Die zogen ihr Ding dann <a href=\"https:\/\/wunderkinder.de\/?p=861\" class=\"more-link\">...weiterlesen<span class=\"screen-reader-text\"> \"WACKEN calling\"<\/span><\/a><\/p>\n","protected":false},"author":3,"featured_media":0,"comment_status":"closed","ping_status":"closed","sticky":false,"template":"","format":"standard","meta":{"footnotes":""},"categories":[3],"tags":[],"class_list":{"0":"post-861","1":"post","2":"type-post","3":"status-publish","4":"format-standard","6":"category-frankys-spottlight","7":"h-entry","8":"hentry","9":"h-as-article"},"_links":{"self":[{"href":"https:\/\/wunderkinder.de\/index.php?rest_route=\/wp\/v2\/posts\/861","targetHints":{"allow":["GET"]}}],"collection":[{"href":"https:\/\/wunderkinder.de\/index.php?rest_route=\/wp\/v2\/posts"}],"about":[{"href":"https:\/\/wunderkinder.de\/index.php?rest_route=\/wp\/v2\/types\/post"}],"author":[{"embeddable":true,"href":"https:\/\/wunderkinder.de\/index.php?rest_route=\/wp\/v2\/users\/3"}],"replies":[{"embeddable":true,"href":"https:\/\/wunderkinder.de\/index.php?rest_route=%2Fwp%2Fv2%2Fcomments&post=861"}],"version-history":[{"count":12,"href":"https:\/\/wunderkinder.de\/index.php?rest_route=\/wp\/v2\/posts\/861\/revisions"}],"predecessor-version":[{"id":876,"href":"https:\/\/wunderkinder.de\/index.php?rest_route=\/wp\/v2\/posts\/861\/revisions\/876"}],"wp:attachment":[{"href":"https:\/\/wunderkinder.de\/index.php?rest_route=%2Fwp%2Fv2%2Fmedia&parent=861"}],"wp:term":[{"taxonomy":"category","embeddable":true,"href":"https:\/\/wunderkinder.de\/index.php?rest_route=%2Fwp%2Fv2%2Fcategories&post=861"},{"taxonomy":"post_tag","embeddable":true,"href":"https:\/\/wunderkinder.de\/index.php?rest_route=%2Fwp%2Fv2%2Ftags&post=861"}],"curies":[{"name":"wp","href":"https:\/\/api.w.org\/{rel}","templated":true}]}}